{"id":25,"count":1,"description":"","link":"https:\/\/mullu.tv\/en\/directores\/mauricio-ovando\/","name":"Mauricio Ovando","slug":"mauricio-ovando","taxonomy":"directores","meta":[],"acf":{"pais":"Panam\u00e1","director_foto":"https:\/\/mullu.tv\/wp-content\/uploads\/2024\/10\/Mauricio_Ovando.webp","director_description":"<p>Licenciado en Direcci\u00f3n de cine por la UCB de La Paz. M\u00e1ster en Documental Creativo del Observatorio de Cine de Buenos Aires, Argentina. Posee un Diplomado en Cinematograf\u00eda Digital Avanzada en el EICTV de San Antonio de Ba\u00f1os, Cuba y Diplomado en Cine y Educaci\u00f3n por la Universidad de Chile.<br \/>\nDesde hace 10 a\u00f1os co-organiza el Festival de Cine Radical y es tutor en proyectos cinematogr\u00e1ficos en el Laboratorio de Apropiaci\u00f3n del Archivo Audiovisual Boliviano (LAAAB).  Tallerista de la Escuela Popular de Cine Libre y del Festival Internacional de Audiovisual para la Ni\u00f1ez y la adolescencia Kolibri. <\/p>\n","director_organizacion_a_la_que_pertenece":"","director_twitter":"","director_instagram":"","director_linkedin":"","director_paypal":""},"yoast_head":"<!-- This site is optimized with the Yoast SEO plugin v27.5 - https:\/\/yoast.com\/product\/yoast-seo-wordpress\/ -->\n<title>Mauricio Ovando archivos - MULLU TV<\/title>\n<meta name=\"robots\" content=\"index, follow, max-snippet:-1, max-image-preview:large, max-video-preview:-1\" \/>\n<link rel=\"canonical\" href=\"https:\/\/mullu.tv\/en\/directores\/mauricio-ovando\/\" \/>\n<meta property=\"og:locale\" content=\"en_US\" \/>\n<meta property=\"og:type\" content=\"article\" \/>\n<meta property=\"og:title\" content=\"Mauricio Ovando archivos - MULLU TV\" \/>\n<meta property=\"og:url\" content=\"https:\/\/mullu.tv\/en\/directores\/mauricio-ovando\/\" \/>\n<meta property=\"og:site_name\" content=\"MULLU TV\" \/>\n<meta name=\"twitter:card\" content=\"summary_large_image\" \/>\n<meta name=\"twitter:site\" content=\"@mullu_tv\" \/>\n<script type=\"application\/ld+json\" class=\"yoast-schema-graph\">{\"@context\":\"https:\\\/\\\/schema.org\",\"@graph\":[{\"@type\":\"CollectionPage\",\"@id\":\"https:\\\/\\\/mullu.tv\\\/directores\\\/mauricio-ovando\\\/\",\"url\":\"https:\\\/\\\/mullu.tv\\\/directores\\\/mauricio-ovando\\\/\",\"name\":\"Mauricio Ovando archivos - MULLU TV\",\"isPartOf\":{\"@id\":\"https:\\\/\\\/mullu.tv\\\/#website\"},\"breadcrumb\":{\"@id\":\"https:\\\/\\\/mullu.tv\\\/directores\\\/mauricio-ovando\\\/#breadcrumb\"},\"inLanguage\":\"en-US\"},{\"@type\":\"BreadcrumbList\",\"@id\":\"https:\\\/\\\/mullu.tv\\\/directores\\\/mauricio-ovando\\\/#breadcrumb\",\"itemListElement\":[{\"@type\":\"ListItem\",\"position\":1,\"name\":\"Portada\",\"item\":\"https:\\\/\\\/mullu.tv\\\/\"},{\"@type\":\"ListItem\",\"position\":2,\"name\":\"Mauricio Ovando\"}]},{\"@type\":\"WebSite\",\"@id\":\"https:\\\/\\\/mullu.tv\\\/#website\",\"url\":\"https:\\\/\\\/mullu.tv\\\/\",\"name\":\"MULLU TV\",\"description\":\"\",\"publisher\":{\"@id\":\"https:\\\/\\\/mullu.tv\\\/#organization\"},\"potentialAction\":[{\"@type\":\"SearchAction\",\"target\":{\"@type\":\"EntryPoint\",\"urlTemplate\":\"https:\\\/\\\/mullu.tv\\\/?s={search_term_string}\"},\"query-input\":{\"@type\":\"PropertyValueSpecification\",\"valueRequired\":true,\"valueName\":\"search_term_string\"}}],\"inLanguage\":\"en-US\"},{\"@type\":\"Organization\",\"@id\":\"https:\\\/\\\/mullu.tv\\\/#organization\",\"name\":\"MULLU TV\",\"url\":\"https:\\\/\\\/mullu.tv\\\/\",\"logo\":{\"@type\":\"ImageObject\",\"inLanguage\":\"en-US\",\"@id\":\"https:\\\/\\\/mullu.tv\\\/#\\\/schema\\\/logo\\\/image\\\/\",\"url\":\"https:\\\/\\\/mullu.tv\\\/wp-content\\\/uploads\\\/2024\\\/06\\\/MulluLogo-Negro.png\",\"contentUrl\":\"https:\\\/\\\/mullu.tv\\\/wp-content\\\/uploads\\\/2024\\\/06\\\/MulluLogo-Negro.png\",\"width\":620,\"height\":175,\"caption\":\"MULLU TV\"},\"image\":{\"@id\":\"https:\\\/\\\/mullu.tv\\\/#\\\/schema\\\/logo\\\/image\\\/\"},\"sameAs\":[\"https:\\\/\\\/www.facebook.com\\\/mullu.tv\",\"https:\\\/\\\/x.com\\\/mullu_tv\",\"https:\\\/\\\/www.instagram.com\\\/mullu.tv\\\/?igsh=MWltOTR3eTNzaGZyNw\",\"https:\\\/\\\/www.youtube.com\\\/@mullu_tv\",\"https:\\\/\\\/www.tiktok.com\\\/@mullu.tv?_t=8mE6289awk9&_r=1\"]}]}<\/script>\n<!-- \/ Yoast SEO plugin. -->","yoast_head_json":{"title":"Mauricio Ovando archivos - MULLU TV","robots":{"index":"index","follow":"follow","max-snippet":"max-snippet:-1","max-image-preview":"max-image-preview:large","max-video-preview":"max-video-preview:-1"},"canonical":"https:\/\/mullu.tv\/en\/directores\/mauricio-ovando\/","og_locale":"en_US","og_type":"article","og_title":"Mauricio Ovando archivos - MULLU TV","og_url":"https:\/\/mullu.tv\/en\/directores\/mauricio-ovando\/","og_site_name":"MULLU TV","twitter_card":"summary_large_image","twitter_site":"@mullu_tv","schema":{"@context":"https:\/\/schema.org","@graph":[{"@type":"CollectionPage","@id":"https:\/\/mullu.tv\/directores\/mauricio-ovando\/","url":"https:\/\/mullu.tv\/directores\/mauricio-ovando\/","name":"Mauricio Ovando archivos - MULLU TV","isPartOf":{"@id":"https:\/\/mullu.tv\/#website"},"breadcrumb":{"@id":"https:\/\/mullu.tv\/directores\/mauricio-ovando\/#breadcrumb"},"inLanguage":"en-US"},{"@type":"BreadcrumbList","@id":"https:\/\/mullu.tv\/directores\/mauricio-ovando\/#breadcrumb","itemListElement":[{"@type":"ListItem","position":1,"name":"Portada","item":"https:\/\/mullu.tv\/"},{"@type":"ListItem","position":2,"name":"Mauricio Ovando"}]},{"@type":"WebSite","@id":"https:\/\/mullu.tv\/#website","url":"https:\/\/mullu.tv\/","name":"MULLU TV","description":"","publisher":{"@id":"https:\/\/mullu.tv\/#organization"},"potentialAction":[{"@type":"SearchAction","target":{"@type":"EntryPoint","urlTemplate":"https:\/\/mullu.tv\/?s={search_term_string}"},"query-input":{"@type":"PropertyValueSpecification","valueRequired":true,"valueName":"search_term_string"}}],"inLanguage":"en-US"},{"@type":"Organization","@id":"https:\/\/mullu.tv\/#organization","name":"MULLU TV","url":"https:\/\/mullu.tv\/","logo":{"@type":"ImageObject","inLanguage":"en-US","@id":"https:\/\/mullu.tv\/#\/schema\/logo\/image\/","url":"https:\/\/mullu.tv\/wp-content\/uploads\/2024\/06\/MulluLogo-Negro.png","contentUrl":"https:\/\/mullu.tv\/wp-content\/uploads\/2024\/06\/MulluLogo-Negro.png","width":620,"height":175,"caption":"MULLU TV"},"image":{"@id":"https:\/\/mullu.tv\/#\/schema\/logo\/image\/"},"sameAs":["https:\/\/www.facebook.com\/mullu.tv","https:\/\/x.com\/mullu_tv","https:\/\/www.instagram.com\/mullu.tv\/?igsh=MWltOTR3eTNzaGZyNw","https:\/\/www.youtube.com\/@mullu_tv","https:\/\/www.tiktok.com\/@mullu.tv?_t=8mE6289awk9&_r=1"]}]}},"_links":{"self":[{"href":"https:\/\/mullu.tv\/en\/wp-json\/wp\/v2\/directores\/25","targetHints":{"allow":["GET"]}}],"collection":[{"href":"https:\/\/mullu.tv\/en\/wp-json\/wp\/v2\/directores"}],"about":[{"href":"https:\/\/mullu.tv\/en\/wp-json\/wp\/v2\/taxonomies\/directores"}],"wp:post_type":[{"href":"https:\/\/mullu.tv\/en\/wp-json\/wp\/v2\/pelicula?directores=25"},{"href":"https:\/\/mullu.tv\/en\/wp-json\/wp\/v2\/capitulos?directores=25"},{"href":"https:\/\/mullu.tv\/en\/wp-json\/wp\/v2\/series?directores=25"}],"curies":[{"name":"wp","href":"https:\/\/api.w.org\/{rel}","templated":true}]}}